{"id":4162,"date":"2023-11-20T16:07:00","date_gmt":"2023-11-20T15:07:00","guid":{"rendered":"https:\/\/www.delanchy.com\/?p=4162"},"modified":"2023-11-24T16:21:38","modified_gmt":"2023-11-24T15:21:38","slug":"partenaire-du-trimaran-solidaires-en-peloton-delanchy-sur-la-premiere-marche-de-la-transat-jacques-vabre","status":"publish","type":"post","link":"https:\/\/www.delanchy.com\/it\/partenaire-du-trimaran-solidaires-en-peloton-delanchy-sur-la-premiere-marche-de-la-transat-jacques-vabre\/","title":{"rendered":"Partner del trimarano Solidaires En Peloton, DELANCHY sul gradino pi\u00f9 alto della Transat Jacques Vabre!"},"content":{"rendered":"      <section class=\"texte\">\n        <p style=\"text-align: center\"><img loading=\"lazy\" decoding=\"async\" class=\"alignnone wp-image-4145\" src=\"https:\/\/www.delanchy.com\/wp-content\/uploads\/2023\/11\/logo-tjv-2023.png\" alt=\"Logo Tjv 2023\" width=\"200\" height=\"133\" \/><\/p>\n<p>La collaborazione con Thibaut e il <strong><a href=\"https:\/\/defi-voile-solidairesenpeloton.com\/projet\/defi-voile\/\">team Solidaires en Peloton<\/a><\/strong> non \u00e8 nuova, ma questa fine del 2023 ha un sapore speciale con la <strong>vittoria nella categoria Ocean Fifty per il duo Thibaut Vauchel-Camu \/ Quentin Vlamynck.<\/strong><\/p>\n<p style=\"text-align: center\"><img loading=\"lazy\" decoding=\"async\" class=\"alignnone wp-image-4137\" src=\"https:\/\/www.delanchy.com\/wp-content\/uploads\/2023\/11\/remsie-prix.jpg\" alt=\"Remsie Prix\" width=\"500\" height=\"379\" \/><\/p>\n<p>&nbsp;<\/p>\n<p>La prima parte di questa regata transatlantica \u00e8 stata particolarmente difficile, sia in termini di navigazione che di nervi. Partita da Le Havre il giorno successivo per ripararsi nel porto di Lorient e lasciar passare un fronte di tempesta, la flotta di multiscafi ha portato a termine questa regata transatlantica fino alla Martinica in due tappe.<\/p>\n<p style=\"text-align: center\"><img loading=\"lazy\" decoding=\"async\" class=\"alignnone wp-image-4133\" src=\"https:\/\/www.delanchy.com\/wp-content\/uploads\/2023\/11\/depart-01.jpg\" alt=\"Depart 01\" width=\"800\" height=\"485\" \/><\/p>\n<p>&nbsp;<\/p>\n<p>Solidaires En Peloton ha vinto entrambe le tappe, con un comodo vantaggio al primo traguardo di Lorient e una perfetta gestione della regata per rimanere in testa fino a Fort-de-France.<\/p>\n<p style=\"text-align: center\"><img loading=\"lazy\" decoding=\"async\" class=\"alignnone wp-image-4129\" src=\"https:\/\/www.delanchy.com\/wp-content\/uploads\/2023\/11\/arrivee.jpg\" alt=\"Arriv\u00e9e\" width=\"800\" height=\"264\" \/><\/p>\n<p>&nbsp;<\/p>\n<p><em>&#8220;\u00c8 qualcosa che cercavo da anni, questa grande vittoria alla Transat. \u00c8 finalmente un risultato incredibile. Vincere una regata transatlantica per multiscafi non \u00e8 cosa da poco. Ci siamo adattati bene a queste due tappe. Nel nostro sport, passiamo il tempo a fare cose non programmate e a non fare cose programmate. Un anno dopo il mio capovolgimento nella Route du Rhum, sono felice di poter offrire ai 120.000 pazienti affetti da sclerosi multipla e ai miei partner questo primo posto. Quentin e io siamo stati molto in sintonia durante tutta la gara, facendo le scelte giuste e facendoci guidare bene dai nostri navigatori.\u201d<\/em><\/p>\n<h4><\/h4>\n<h3>DELANCHY si congratula con tutto il team che ha aiutato i nostri due skipper a prepararsi per questa gara leggendaria e per la loro barca.<\/h3>\n<p>&nbsp;<\/p>\n<h3 style=\"text-align: center\">Oltre lo sport, tutti uniti per superare la sclerosi multipla insieme!<a href=\"https:\/\/www.helloasso.com\/associations\/defi-sports-solidaires\/formulaires\/1\"><img loading=\"lazy\" decoding=\"async\" class=\"aligncenter wp-image-4149\" src=\"https:\/\/www.delanchy.com\/wp-content\/uploads\/2023\/11\/vaincre-ensemble-la-sep-vectorise.jpg\" alt=\"Vaincre Ensemble La Sep Vectoris\u00e9\" width=\"500\" height=\"131\" \/><\/a><\/h3>\n<p>&nbsp;<\/p>\n<p>&nbsp;<\/p>\n<p>&nbsp;<\/p>\n<p>&nbsp;<\/p>\n      <\/section>\n    ","protected":false},"excerpt":{"rendered":"","protected":false},"author":8,"featured_media":4159,"comment_status":"closed","ping_status":"closed","sticky":false,"template":"","format":"standard","meta":{"_acf_changed":false,"footnotes":""},"categories":[74],"tags":[],"class_list":["post-4162","post","type-post","status-publish","format-standard","has-post-thumbnail","hentry","category-partenariats-it"],"acf":[],"yoast_head":"<!-- This site is optimized with the Yoast SEO plugin v27.5 - https:\/\/yoast.com\/product\/yoast-seo-wordpress\/ -->\n<title>Partner del trimarano Solidaires En Peloton, DELANCHY sul gradino pi\u00f9 alto della Transat Jacques Vabre! - Delanchy<\/title>\n<meta name=\"description\" content=\"DELANCHY partenaire de Thibaut Vauchel Camu et Solidaires en Peloton pour la victoire sur la Transat Jacques Vabre.\" \/>\n<meta name=\"robots\" content=\"index, follow, max-snippet:-1, max-image-preview:large, max-video-preview:-1\" \/>\n<link rel=\"canonical\" href=\"https:\/\/www.delanchy.com\/it\/partenaire-du-trimaran-solidaires-en-peloton-delanchy-sur-la-premiere-marche-de-la-transat-jacques-vabre\/\" \/>\n<meta property=\"og:locale\" content=\"it_IT\" \/>\n<meta property=\"og:type\" content=\"article\" \/>\n<meta property=\"og:title\" content=\"Partner del trimarano Solidaires En Peloton, DELANCHY sul gradino pi\u00f9 alto della Transat Jacques Vabre! - Delanchy\" \/>\n<meta property=\"og:description\" content=\"DELANCHY partenaire de Thibaut Vauchel Camu et Solidaires en Peloton pour la victoire sur la Transat Jacques Vabre.\" \/>\n<meta property=\"og:url\" content=\"https:\/\/www.delanchy.com\/it\/partenaire-du-trimaran-solidaires-en-peloton-delanchy-sur-la-premiere-marche-de-la-transat-jacques-vabre\/\" \/>\n<meta property=\"og:site_name\" content=\"Delanchy\" \/>\n<meta property=\"article:published_time\" content=\"2023-11-20T15:07:00+00:00\" \/>\n<meta property=\"article:modified_time\" content=\"2023-11-24T15:21:38+00:00\" \/>\n<meta property=\"og:image\" content=\"https:\/\/www.delanchy.com\/wp-content\/uploads\/2023\/11\/solidaires-en-peloton-tjv-2023-0296.jpg\" \/>\n\t<meta property=\"og:image:width\" content=\"1920\" \/>\n\t<meta property=\"og:image:height\" content=\"1280\" \/>\n\t<meta property=\"og:image:type\" content=\"image\/jpeg\" \/>\n<meta name=\"author\" content=\"Nicolas Muet\" \/>\n<meta name=\"twitter:card\" content=\"summary_large_image\" \/>\n<meta name=\"twitter:label1\" content=\"Scritto da\" \/>\n\t<meta name=\"twitter:data1\" content=\"Nicolas Muet\" \/>\n<script type=\"application\/ld+json\" class=\"yoast-schema-graph\">{\"@context\":\"https:\\\/\\\/schema.org\",\"@graph\":[{\"@type\":\"Article\",\"@id\":\"https:\\\/\\\/www.delanchy.com\\\/it\\\/partenaire-du-trimaran-solidaires-en-peloton-delanchy-sur-la-premiere-marche-de-la-transat-jacques-vabre\\\/#article\",\"isPartOf\":{\"@id\":\"https:\\\/\\\/www.delanchy.com\\\/it\\\/partenaire-du-trimaran-solidaires-en-peloton-delanchy-sur-la-premiere-marche-de-la-transat-jacques-vabre\\\/\"},\"author\":{\"name\":\"Nicolas Muet\",\"@id\":\"https:\\\/\\\/www.delanchy.com\\\/#\\\/schema\\\/person\\\/1cf56066e7a5f990e551cc7fb2d265af\"},\"headline\":\"Partner del trimarano Solidaires En Peloton, DELANCHY sul gradino pi\u00f9 alto della Transat Jacques Vabre!\",\"datePublished\":\"2023-11-20T15:07:00+00:00\",\"dateModified\":\"2023-11-24T15:21:38+00:00\",\"mainEntityOfPage\":{\"@id\":\"https:\\\/\\\/www.delanchy.com\\\/it\\\/partenaire-du-trimaran-solidaires-en-peloton-delanchy-sur-la-premiere-marche-de-la-transat-jacques-vabre\\\/\"},\"wordCount\":15,\"publisher\":{\"@id\":\"https:\\\/\\\/www.delanchy.com\\\/#organization\"},\"image\":{\"@id\":\"https:\\\/\\\/www.delanchy.com\\\/it\\\/partenaire-du-trimaran-solidaires-en-peloton-delanchy-sur-la-premiere-marche-de-la-transat-jacques-vabre\\\/#primaryimage\"},\"thumbnailUrl\":\"https:\\\/\\\/www.delanchy.com\\\/wp-content\\\/uploads\\\/2023\\\/11\\\/solidaires-en-peloton-tjv-2023-0296.jpg\",\"articleSection\":[\"Partenariats\"],\"inLanguage\":\"it-IT\"},{\"@type\":\"WebPage\",\"@id\":\"https:\\\/\\\/www.delanchy.com\\\/it\\\/partenaire-du-trimaran-solidaires-en-peloton-delanchy-sur-la-premiere-marche-de-la-transat-jacques-vabre\\\/\",\"url\":\"https:\\\/\\\/www.delanchy.com\\\/it\\\/partenaire-du-trimaran-solidaires-en-peloton-delanchy-sur-la-premiere-marche-de-la-transat-jacques-vabre\\\/\",\"name\":\"Partner del trimarano Solidaires En Peloton, DELANCHY sul gradino pi\u00f9 alto della Transat Jacques Vabre! - Delanchy\",\"isPartOf\":{\"@id\":\"https:\\\/\\\/www.delanchy.com\\\/#website\"},\"primaryImageOfPage\":{\"@id\":\"https:\\\/\\\/www.delanchy.com\\\/it\\\/partenaire-du-trimaran-solidaires-en-peloton-delanchy-sur-la-premiere-marche-de-la-transat-jacques-vabre\\\/#primaryimage\"},\"image\":{\"@id\":\"https:\\\/\\\/www.delanchy.com\\\/it\\\/partenaire-du-trimaran-solidaires-en-peloton-delanchy-sur-la-premiere-marche-de-la-transat-jacques-vabre\\\/#primaryimage\"},\"thumbnailUrl\":\"https:\\\/\\\/www.delanchy.com\\\/wp-content\\\/uploads\\\/2023\\\/11\\\/solidaires-en-peloton-tjv-2023-0296.jpg\",\"datePublished\":\"2023-11-20T15:07:00+00:00\",\"dateModified\":\"2023-11-24T15:21:38+00:00\",\"description\":\"DELANCHY partenaire de Thibaut Vauchel Camu et Solidaires en Peloton pour la victoire sur la Transat Jacques Vabre.\",\"breadcrumb\":{\"@id\":\"https:\\\/\\\/www.delanchy.com\\\/it\\\/partenaire-du-trimaran-solidaires-en-peloton-delanchy-sur-la-premiere-marche-de-la-transat-jacques-vabre\\\/#breadcrumb\"},\"inLanguage\":\"it-IT\",\"potentialAction\":[{\"@type\":\"ReadAction\",\"target\":[\"https:\\\/\\\/www.delanchy.com\\\/it\\\/partenaire-du-trimaran-solidaires-en-peloton-delanchy-sur-la-premiere-marche-de-la-transat-jacques-vabre\\\/\"]}]},{\"@type\":\"ImageObject\",\"inLanguage\":\"it-IT\",\"@id\":\"https:\\\/\\\/www.delanchy.com\\\/it\\\/partenaire-du-trimaran-solidaires-en-peloton-delanchy-sur-la-premiere-marche-de-la-transat-jacques-vabre\\\/#primaryimage\",\"url\":\"https:\\\/\\\/www.delanchy.com\\\/wp-content\\\/uploads\\\/2023\\\/11\\\/solidaires-en-peloton-tjv-2023-0296.jpg\",\"contentUrl\":\"https:\\\/\\\/www.delanchy.com\\\/wp-content\\\/uploads\\\/2023\\\/11\\\/solidaires-en-peloton-tjv-2023-0296.jpg\",\"width\":1920,\"height\":1280,\"caption\":\"Transat Jacques Vabre Normandie -Le Havre\"},{\"@type\":\"BreadcrumbList\",\"@id\":\"https:\\\/\\\/www.delanchy.com\\\/it\\\/partenaire-du-trimaran-solidaires-en-peloton-delanchy-sur-la-premiere-marche-de-la-transat-jacques-vabre\\\/#breadcrumb\",\"itemListElement\":[{\"@type\":\"ListItem\",\"position\":1,\"name\":\"Accueil\",\"item\":\"https:\\\/\\\/www.delanchy.com\\\/it\\\/\"},{\"@type\":\"ListItem\",\"position\":2,\"name\":\"Partner del trimarano Solidaires En Peloton, DELANCHY sul gradino pi\u00f9 alto della Transat Jacques Vabre!\"}]},{\"@type\":\"WebSite\",\"@id\":\"https:\\\/\\\/www.delanchy.com\\\/#website\",\"url\":\"https:\\\/\\\/www.delanchy.com\\\/\",\"name\":\"Delanchy\",\"description\":\"Transport et logistique\",\"publisher\":{\"@id\":\"https:\\\/\\\/www.delanchy.com\\\/#organization\"},\"potentialAction\":[{\"@type\":\"SearchAction\",\"target\":{\"@type\":\"EntryPoint\",\"urlTemplate\":\"https:\\\/\\\/www.delanchy.com\\\/?s={search_term_string}\"},\"query-input\":{\"@type\":\"PropertyValueSpecification\",\"valueRequired\":true,\"valueName\":\"search_term_string\"}}],\"inLanguage\":\"it-IT\"},{\"@type\":\"Organization\",\"@id\":\"https:\\\/\\\/www.delanchy.com\\\/#organization\",\"name\":\"Delanchy\",\"url\":\"https:\\\/\\\/www.delanchy.com\\\/\",\"logo\":{\"@type\":\"ImageObject\",\"inLanguage\":\"it-IT\",\"@id\":\"https:\\\/\\\/www.delanchy.com\\\/#\\\/schema\\\/logo\\\/image\\\/\",\"url\":\"https:\\\/\\\/www.delanchy.com\\\/wp-content\\\/uploads\\\/2020\\\/01\\\/logo-delanchy.png\",\"contentUrl\":\"https:\\\/\\\/www.delanchy.com\\\/wp-content\\\/uploads\\\/2020\\\/01\\\/logo-delanchy.png\",\"width\":1090,\"height\":185,\"caption\":\"Delanchy\"},\"image\":{\"@id\":\"https:\\\/\\\/www.delanchy.com\\\/#\\\/schema\\\/logo\\\/image\\\/\"}},{\"@type\":\"Person\",\"@id\":\"https:\\\/\\\/www.delanchy.com\\\/#\\\/schema\\\/person\\\/1cf56066e7a5f990e551cc7fb2d265af\",\"name\":\"Nicolas Muet\",\"image\":{\"@type\":\"ImageObject\",\"inLanguage\":\"it-IT\",\"@id\":\"https:\\\/\\\/secure.gravatar.com\\\/avatar\\\/dd640bb1db824ed07b948e97e1a9df4c5b9bc9bff86808a314cb95683588a6ee?s=96&d=mm&r=g\",\"url\":\"https:\\\/\\\/secure.gravatar.com\\\/avatar\\\/dd640bb1db824ed07b948e97e1a9df4c5b9bc9bff86808a314cb95683588a6ee?s=96&d=mm&r=g\",\"contentUrl\":\"https:\\\/\\\/secure.gravatar.com\\\/avatar\\\/dd640bb1db824ed07b948e97e1a9df4c5b9bc9bff86808a314cb95683588a6ee?s=96&d=mm&r=g\",\"caption\":\"Nicolas Muet\"}}]}<\/script>\n<!-- \/ Yoast SEO plugin. -->","yoast_head_json":{"title":"Partner del trimarano Solidaires En Peloton, DELANCHY sul gradino pi\u00f9 alto della Transat Jacques Vabre! - Delanchy","description":"DELANCHY partenaire de Thibaut Vauchel Camu et Solidaires en Peloton pour la victoire sur la Transat Jacques Vabre.","robots":{"index":"index","follow":"follow","max-snippet":"max-snippet:-1","max-image-preview":"max-image-preview:large","max-video-preview":"max-video-preview:-1"},"canonical":"https:\/\/www.delanchy.com\/it\/partenaire-du-trimaran-solidaires-en-peloton-delanchy-sur-la-premiere-marche-de-la-transat-jacques-vabre\/","og_locale":"it_IT","og_type":"article","og_title":"Partner del trimarano Solidaires En Peloton, DELANCHY sul gradino pi\u00f9 alto della Transat Jacques Vabre! - Delanchy","og_description":"DELANCHY partenaire de Thibaut Vauchel Camu et Solidaires en Peloton pour la victoire sur la Transat Jacques Vabre.","og_url":"https:\/\/www.delanchy.com\/it\/partenaire-du-trimaran-solidaires-en-peloton-delanchy-sur-la-premiere-marche-de-la-transat-jacques-vabre\/","og_site_name":"Delanchy","article_published_time":"2023-11-20T15:07:00+00:00","article_modified_time":"2023-11-24T15:21:38+00:00","og_image":[{"width":1920,"height":1280,"url":"https:\/\/www.delanchy.com\/wp-content\/uploads\/2023\/11\/solidaires-en-peloton-tjv-2023-0296.jpg","type":"image\/jpeg"}],"author":"Nicolas Muet","twitter_card":"summary_large_image","twitter_misc":{"Scritto da":"Nicolas Muet"},"schema":{"@context":"https:\/\/schema.org","@graph":[{"@type":"Article","@id":"https:\/\/www.delanchy.com\/it\/partenaire-du-trimaran-solidaires-en-peloton-delanchy-sur-la-premiere-marche-de-la-transat-jacques-vabre\/#article","isPartOf":{"@id":"https:\/\/www.delanchy.com\/it\/partenaire-du-trimaran-solidaires-en-peloton-delanchy-sur-la-premiere-marche-de-la-transat-jacques-vabre\/"},"author":{"name":"Nicolas Muet","@id":"https:\/\/www.delanchy.com\/#\/schema\/person\/1cf56066e7a5f990e551cc7fb2d265af"},"headline":"Partner del trimarano Solidaires En Peloton, DELANCHY sul gradino pi\u00f9 alto della Transat Jacques Vabre!","datePublished":"2023-11-20T15:07:00+00:00","dateModified":"2023-11-24T15:21:38+00:00","mainEntityOfPage":{"@id":"https:\/\/www.delanchy.com\/it\/partenaire-du-trimaran-solidaires-en-peloton-delanchy-sur-la-premiere-marche-de-la-transat-jacques-vabre\/"},"wordCount":15,"publisher":{"@id":"https:\/\/www.delanchy.com\/#organization"},"image":{"@id":"https:\/\/www.delanchy.com\/it\/partenaire-du-trimaran-solidaires-en-peloton-delanchy-sur-la-premiere-marche-de-la-transat-jacques-vabre\/#primaryimage"},"thumbnailUrl":"https:\/\/www.delanchy.com\/wp-content\/uploads\/2023\/11\/solidaires-en-peloton-tjv-2023-0296.jpg","articleSection":["Partenariats"],"inLanguage":"it-IT"},{"@type":"WebPage","@id":"https:\/\/www.delanchy.com\/it\/partenaire-du-trimaran-solidaires-en-peloton-delanchy-sur-la-premiere-marche-de-la-transat-jacques-vabre\/","url":"https:\/\/www.delanchy.com\/it\/partenaire-du-trimaran-solidaires-en-peloton-delanchy-sur-la-premiere-marche-de-la-transat-jacques-vabre\/","name":"Partner del trimarano Solidaires En Peloton, DELANCHY sul gradino pi\u00f9 alto della Transat Jacques Vabre! - Delanchy","isPartOf":{"@id":"https:\/\/www.delanchy.com\/#website"},"primaryImageOfPage":{"@id":"https:\/\/www.delanchy.com\/it\/partenaire-du-trimaran-solidaires-en-peloton-delanchy-sur-la-premiere-marche-de-la-transat-jacques-vabre\/#primaryimage"},"image":{"@id":"https:\/\/www.delanchy.com\/it\/partenaire-du-trimaran-solidaires-en-peloton-delanchy-sur-la-premiere-marche-de-la-transat-jacques-vabre\/#primaryimage"},"thumbnailUrl":"https:\/\/www.delanchy.com\/wp-content\/uploads\/2023\/11\/solidaires-en-peloton-tjv-2023-0296.jpg","datePublished":"2023-11-20T15:07:00+00:00","dateModified":"2023-11-24T15:21:38+00:00","description":"DELANCHY partenaire de Thibaut Vauchel Camu et Solidaires en Peloton pour la victoire sur la Transat Jacques Vabre.","breadcrumb":{"@id":"https:\/\/www.delanchy.com\/it\/partenaire-du-trimaran-solidaires-en-peloton-delanchy-sur-la-premiere-marche-de-la-transat-jacques-vabre\/#breadcrumb"},"inLanguage":"it-IT","potentialAction":[{"@type":"ReadAction","target":["https:\/\/www.delanchy.com\/it\/partenaire-du-trimaran-solidaires-en-peloton-delanchy-sur-la-premiere-marche-de-la-transat-jacques-vabre\/"]}]},{"@type":"ImageObject","inLanguage":"it-IT","@id":"https:\/\/www.delanchy.com\/it\/partenaire-du-trimaran-solidaires-en-peloton-delanchy-sur-la-premiere-marche-de-la-transat-jacques-vabre\/#primaryimage","url":"https:\/\/www.delanchy.com\/wp-content\/uploads\/2023\/11\/solidaires-en-peloton-tjv-2023-0296.jpg","contentUrl":"https:\/\/www.delanchy.com\/wp-content\/uploads\/2023\/11\/solidaires-en-peloton-tjv-2023-0296.jpg","width":1920,"height":1280,"caption":"Transat Jacques Vabre Normandie -Le Havre"},{"@type":"BreadcrumbList","@id":"https:\/\/www.delanchy.com\/it\/partenaire-du-trimaran-solidaires-en-peloton-delanchy-sur-la-premiere-marche-de-la-transat-jacques-vabre\/#breadcrumb","itemListElement":[{"@type":"ListItem","position":1,"name":"Accueil","item":"https:\/\/www.delanchy.com\/it\/"},{"@type":"ListItem","position":2,"name":"Partner del trimarano Solidaires En Peloton, DELANCHY sul gradino pi\u00f9 alto della Transat Jacques Vabre!"}]},{"@type":"WebSite","@id":"https:\/\/www.delanchy.com\/#website","url":"https:\/\/www.delanchy.com\/","name":"Delanchy","description":"Transport et logistique","publisher":{"@id":"https:\/\/www.delanchy.com\/#organization"},"potentialAction":[{"@type":"SearchAction","target":{"@type":"EntryPoint","urlTemplate":"https:\/\/www.delanchy.com\/?s={search_term_string}"},"query-input":{"@type":"PropertyValueSpecification","valueRequired":true,"valueName":"search_term_string"}}],"inLanguage":"it-IT"},{"@type":"Organization","@id":"https:\/\/www.delanchy.com\/#organization","name":"Delanchy","url":"https:\/\/www.delanchy.com\/","logo":{"@type":"ImageObject","inLanguage":"it-IT","@id":"https:\/\/www.delanchy.com\/#\/schema\/logo\/image\/","url":"https:\/\/www.delanchy.com\/wp-content\/uploads\/2020\/01\/logo-delanchy.png","contentUrl":"https:\/\/www.delanchy.com\/wp-content\/uploads\/2020\/01\/logo-delanchy.png","width":1090,"height":185,"caption":"Delanchy"},"image":{"@id":"https:\/\/www.delanchy.com\/#\/schema\/logo\/image\/"}},{"@type":"Person","@id":"https:\/\/www.delanchy.com\/#\/schema\/person\/1cf56066e7a5f990e551cc7fb2d265af","name":"Nicolas Muet","image":{"@type":"ImageObject","inLanguage":"it-IT","@id":"https:\/\/secure.gravatar.com\/avatar\/dd640bb1db824ed07b948e97e1a9df4c5b9bc9bff86808a314cb95683588a6ee?s=96&d=mm&r=g","url":"https:\/\/secure.gravatar.com\/avatar\/dd640bb1db824ed07b948e97e1a9df4c5b9bc9bff86808a314cb95683588a6ee?s=96&d=mm&r=g","contentUrl":"https:\/\/secure.gravatar.com\/avatar\/dd640bb1db824ed07b948e97e1a9df4c5b9bc9bff86808a314cb95683588a6ee?s=96&d=mm&r=g","caption":"Nicolas Muet"}}]}},"_links":{"self":[{"href":"https:\/\/www.delanchy.com\/it\/wp-json\/wp\/v2\/posts\/4162","targetHints":{"allow":["GET"]}}],"collection":[{"href":"https:\/\/www.delanchy.com\/it\/wp-json\/wp\/v2\/posts"}],"about":[{"href":"https:\/\/www.delanchy.com\/it\/wp-json\/wp\/v2\/types\/post"}],"author":[{"embeddable":true,"href":"https:\/\/www.delanchy.com\/it\/wp-json\/wp\/v2\/users\/8"}],"replies":[{"embeddable":true,"href":"https:\/\/www.delanchy.com\/it\/wp-json\/wp\/v2\/comments?post=4162"}],"version-history":[{"count":5,"href":"https:\/\/www.delanchy.com\/it\/wp-json\/wp\/v2\/posts\/4162\/revisions"}],"predecessor-version":[{"id":4181,"href":"https:\/\/www.delanchy.com\/it\/wp-json\/wp\/v2\/posts\/4162\/revisions\/4181"}],"wp:featuredmedia":[{"embeddable":true,"href":"https:\/\/www.delanchy.com\/it\/wp-json\/wp\/v2\/media\/4159"}],"wp:attachment":[{"href":"https:\/\/www.delanchy.com\/it\/wp-json\/wp\/v2\/media?parent=4162"}],"wp:term":[{"taxonomy":"category","embeddable":true,"href":"https:\/\/www.delanchy.com\/it\/wp-json\/wp\/v2\/categories?post=4162"},{"taxonomy":"post_tag","embeddable":true,"href":"https:\/\/www.delanchy.com\/it\/wp-json\/wp\/v2\/tags?post=4162"}],"curies":[{"name":"wp","href":"https:\/\/api.w.org\/{rel}","templated":true}]}}